{"id":407,"date":"2014-08-06T18:31:41","date_gmt":"2014-08-06T16:31:41","guid":{"rendered":"http:\/\/www.fc-weigheim.de\/?p=407"},"modified":"2014-08-07T16:40:16","modified_gmt":"2014-08-07T14:40:16","slug":"kreatives-ferienprogramm","status":"publish","type":"post","link":"https:\/\/www.fc-weigheim.de\/?p=407","title":{"rendered":"Kreatives Ferienprogramm"},"content":{"rendered":"<p>Einen kreativen und unterhaltsamen Nachmittag erlebten 15 Kinder, die sich zum diesj\u00e4hrigen Ferienprogramm des FC Weigheim angemeldet hatten. Unter der Leitung von Angelika Klapper, Antje Zucht und Bettina Mairon gestalteten die Kinder kunterbunte Holzpfosten und lie\u00dfen dazu ihrer Kreativit\u00e4t freien Lauf. Alle Kinder waren mit viel Spa\u00df dabei und hinterher m\u00e4chtig stolz auf ihre Ergebnisse. Kulinarisch versorgt wurden die Kinder von Reinhard Brockhus und Nikolai Gora. Der FC Weigheim bedankt sich bei den drei Leiterinnen f\u00fcr die tolle Idee und erfolgreiche Durchf\u00fchrung.<\/p>\n<p>(Aus der Presse: <a href=\"http:\/\/www.schwarzwaelder-bote.de\/inhalt.villingen-schwenningen-kreative-kinder-am-ball.a4e1b274-544b-499d-a47e-3848b0079cfa.html\" target=\"_blank\">Kreative Kinder am Ball<\/a>)<\/p>\n<p><a href=\"https:\/\/www.fc-weigheim.de\/wp-content\/uploads\/2014\/08\/Ferienprogramm2014-2.jpg\"><img loading=\"lazy\" decoding=\"async\" class=\"alignnone size-full wp-image-413\" src=\"https:\/\/www.fc-weigheim.de\/wp-content\/uploads\/2014\/08\/Ferienprogramm2014-2.jpg\" alt=\"Ferienprogramm2014-2\" width=\"1050\" height=\"600\" srcset=\"https:\/\/www.fc-weigheim.de\/wp-content\/uploads\/2014\/08\/Ferienprogramm2014-2.jpg 1050w, https:\/\/www.fc-weigheim.de\/wp-content\/uploads\/2014\/08\/Ferienprogramm2014-2-300x171.jpg 300w, https:\/\/www.fc-weigheim.de\/wp-content\/uploads\/2014\/08\/Ferienprogramm2014-2-1024x585.jpg 1024w\" sizes=\"auto, (max-width: 1050px) 100vw, 1050px\" \/><\/a> <a href=\"https:\/\/www.fc-weigheim.de\/wp-content\/uploads\/2014\/08\/Ferienprogramm2014-1.jpg\"><img loading=\"lazy\" decoding=\"async\" class=\"alignnone size-full wp-image-412\" src=\"https:\/\/www.fc-weigheim.de\/wp-content\/uploads\/2014\/08\/Ferienprogramm2014-1.jpg\" alt=\"Ferienprogramm2014-1\" width=\"1050\" height=\"600\" srcset=\"https:\/\/www.fc-weigheim.de\/wp-content\/uploads\/2014\/08\/Ferienprogramm2014-1.jpg 1050w, https:\/\/www.fc-weigheim.de\/wp-content\/uploads\/2014\/08\/Ferienprogramm2014-1-300x171.jpg 300w, https:\/\/www.fc-weigheim.de\/wp-content\/uploads\/2014\/08\/Ferienprogramm2014-1-1024x585.jpg 1024w\" sizes=\"auto, (max-width: 1050px) 100vw, 1050px\" \/><\/a> <a href=\"https:\/\/www.fc-weigheim.de\/wp-content\/uploads\/2014\/08\/Ferienprogramm2014-3.jpg\"><img loading=\"lazy\" decoding=\"async\" class=\"alignnone size-full wp-image-414\" src=\"https:\/\/www.fc-weigheim.de\/wp-content\/uploads\/2014\/08\/Ferienprogramm2014-3.jpg\" alt=\"Ferienprogramm2014-3\" width=\"1050\" height=\"600\" srcset=\"https:\/\/www.fc-weigheim.de\/wp-content\/uploads\/2014\/08\/Ferienprogramm2014-3.jpg 1050w, https:\/\/www.fc-weigheim.de\/wp-content\/uploads\/2014\/08\/Ferienprogramm2014-3-300x171.jpg 300w, https:\/\/www.fc-weigheim.de\/wp-content\/uploads\/2014\/08\/Ferienprogramm2014-3-1024x585.jpg 1024w\" sizes=\"auto, (max-width: 1050px) 100vw, 1050px\" \/><\/a> <a href=\"https:\/\/www.fc-weigheim.de\/wp-content\/uploads\/2014\/08\/Ferienprogramm2014-4.jpg\"><img loading=\"lazy\" decoding=\"async\" class=\"alignnone size-full wp-image-410\" src=\"https:\/\/www.fc-weigheim.de\/wp-content\/uploads\/2014\/08\/Ferienprogramm2014-4.jpg\" alt=\"Ferienprogramm2014-4\" width=\"1050\" height=\"600\" srcset=\"https:\/\/www.fc-weigheim.de\/wp-content\/uploads\/2014\/08\/Ferienprogramm2014-4.jpg 1050w, https:\/\/www.fc-weigheim.de\/wp-content\/uploads\/2014\/08\/Ferienprogramm2014-4-300x171.jpg 300w, https:\/\/www.fc-weigheim.de\/wp-content\/uploads\/2014\/08\/Ferienprogramm2014-4-1024x585.jpg 1024w\" sizes=\"auto, (max-width: 1050px) 100vw, 1050px\" \/><\/a> <a href=\"https:\/\/www.fc-weigheim.de\/wp-content\/uploads\/2014\/08\/Ferienprogramm2014-5.jpg\"><img loading=\"lazy\" decoding=\"async\" class=\"alignnone size-full wp-image-411\" src=\"https:\/\/www.fc-weigheim.de\/wp-content\/uploads\/2014\/08\/Ferienprogramm2014-5.jpg\" alt=\"Ferienprogramm2014-5\" width=\"1050\" height=\"600\" srcset=\"https:\/\/www.fc-weigheim.de\/wp-content\/uploads\/2014\/08\/Ferienprogramm2014-5.jpg 1050w, https:\/\/www.fc-weigheim.de\/wp-content\/uploads\/2014\/08\/Ferienprogramm2014-5-300x171.jpg 300w, https:\/\/www.fc-weigheim.de\/wp-content\/uploads\/2014\/08\/Ferienprogramm2014-5-1024x585.jpg 1024w\" sizes=\"auto, (max-width: 1050px) 100vw, 1050px\" \/><\/a><\/p>\n<p>&nbsp;<\/p>\n","protected":false},"excerpt":{"rendered":"<p>Einen kreativen und unterhaltsamen Nachmittag erlebten 15 Kinder, die sich zum diesj\u00e4hrigen Ferienprogramm des FC Weigheim angemeldet hatten. Unter der Leitung von Angelika Klapper, Antje Zucht und Bettina Mairon gestalteten die Kinder kunterbunte Holzpfosten und lie\u00dfen dazu ihrer Kreativit\u00e4t freien Lauf. Alle Kinder waren mit viel Spa\u00df dabei und hinterher m\u00e4chtig stolz auf ihre Ergebnisse. [&hellip;]<\/p>\n","protected":false},"author":6,"featured_media":414,"comment_status":"closed","ping_status":"closed","sticky":false,"template":"","format":"standard","meta":{"_themeisle_gutenberg_block_has_review":false,"footnotes":""},"categories":[1,5],"tags":[],"class_list":["post-407","post","type-post","status-publish","format-standard","has-post-thumbnail","hentry","category-allgemein","category-veranstaltung"],"_links":{"self":[{"href":"https:\/\/www.fc-weigheim.de\/index.php?rest_route=\/wp\/v2\/posts\/407","targetHints":{"allow":["GET"]}}],"collection":[{"href":"https:\/\/www.fc-weigheim.de\/index.php?rest_route=\/wp\/v2\/posts"}],"about":[{"href":"https:\/\/www.fc-weigheim.de\/index.php?rest_route=\/wp\/v2\/types\/post"}],"author":[{"embeddable":true,"href":"https:\/\/www.fc-weigheim.de\/index.php?rest_route=\/wp\/v2\/users\/6"}],"replies":[{"embeddable":true,"href":"https:\/\/www.fc-weigheim.de\/index.php?rest_route=%2Fwp%2Fv2%2Fcomments&post=407"}],"version-history":[{"count":6,"href":"https:\/\/www.fc-weigheim.de\/index.php?rest_route=\/wp\/v2\/posts\/407\/revisions"}],"predecessor-version":[{"id":420,"href":"https:\/\/www.fc-weigheim.de\/index.php?rest_route=\/wp\/v2\/posts\/407\/revisions\/420"}],"wp:featuredmedia":[{"embeddable":true,"href":"https:\/\/www.fc-weigheim.de\/index.php?rest_route=\/wp\/v2\/media\/414"}],"wp:attachment":[{"href":"https:\/\/www.fc-weigheim.de\/index.php?rest_route=%2Fwp%2Fv2%2Fmedia&parent=407"}],"wp:term":[{"taxonomy":"category","embeddable":true,"href":"https:\/\/www.fc-weigheim.de\/index.php?rest_route=%2Fwp%2Fv2%2Fcategories&post=407"},{"taxonomy":"post_tag","embeddable":true,"href":"https:\/\/www.fc-weigheim.de\/index.php?rest_route=%2Fwp%2Fv2%2Ftags&post=407"}],"curies":[{"name":"wp","href":"https:\/\/api.w.org\/{rel}","templated":true}]}}