{"id":435,"date":"2014-08-20T22:17:53","date_gmt":"2014-08-20T20:17:53","guid":{"rendered":"http:\/\/www.fc-weigheim.de\/?p=435"},"modified":"2014-08-21T09:19:45","modified_gmt":"2014-08-21T07:19:45","slug":"mit-grosser-bestuerzung","status":"publish","type":"post","link":"https:\/\/www.fc-weigheim.de\/?p=435","title":{"rendered":"Unfassbar traurig"},"content":{"rendered":"<p>Mit gro\u00dfer Best\u00fcrzung haben wir am Montag die Nachricht vom Tode unseres zweiten Vorsitzenden Reinhard Brocku\u00df erhalten.<\/p>\n<p><a href=\"https:\/\/www.fc-weigheim.de\/wp-content\/uploads\/2014\/08\/Nachruf_Reinhard_Brockhuss_fullsize.jpg\"><img loading=\"lazy\" decoding=\"async\" class=\"alignnone size-full wp-image-433\" src=\"https:\/\/www.fc-weigheim.de\/wp-content\/uploads\/2014\/08\/Nachruf_Reinhard_Brockhuss_fullsize.jpg\" alt=\"Nachruf_Reinhard_Brockhuss_fullsize\" width=\"573\" height=\"426\" srcset=\"https:\/\/www.fc-weigheim.de\/wp-content\/uploads\/2014\/08\/Nachruf_Reinhard_Brockhuss_fullsize.jpg 573w, https:\/\/www.fc-weigheim.de\/wp-content\/uploads\/2014\/08\/Nachruf_Reinhard_Brockhuss_fullsize-300x223.jpg 300w\" sizes=\"auto, (max-width: 573px) 100vw, 573px\" \/><\/a><\/p>\n<p>Aus diesem traurigen Anlass hat sich die Vereinsf\u00fchrung und die Jugendleitung dazu entschieden, das f\u00fcr den 05.-07.09.2014 geplante Fu\u00dfballwochenende abzusagen und lediglich das Vorbereitungsspiel der A-Jugend am Samstag um 16:00 gegen die SG Herrenzimmern sowie das Spiel der 1. Mannschaft am Sonntag um 15:00 gegen den SV Harthausen durchzuf\u00fchren. Der f\u00fcr den 27.09.2014 geplante Vereinsausflug ist ebenfalls abgesagt.<\/p>\n<p>&nbsp;<\/p>\n","protected":false},"excerpt":{"rendered":"<p>Mit gro\u00dfer Best\u00fcrzung haben wir am Montag die Nachricht vom Tode unseres zweiten Vorsitzenden Reinhard Brocku\u00df erhalten. Aus diesem traurigen Anlass hat sich die Vereinsf\u00fchrung und die Jugendleitung dazu entschieden, das f\u00fcr den 05.-07.09.2014 geplante Fu\u00dfballwochenende abzusagen und lediglich das Vorbereitungsspiel der A-Jugend am Samstag um 16:00 gegen die SG Herrenzimmern sowie das Spiel der [&hellip;]<\/p>\n","protected":false},"author":6,"featured_media":0,"comment_status":"closed","ping_status":"closed","sticky":false,"template":"","format":"standard","meta":{"_themeisle_gutenberg_block_has_review":false,"footnotes":""},"categories":[1],"tags":[],"class_list":["post-435","post","type-post","status-publish","format-standard","hentry","category-allgemein"],"_links":{"self":[{"href":"https:\/\/www.fc-weigheim.de\/index.php?rest_route=\/wp\/v2\/posts\/435","targetHints":{"allow":["GET"]}}],"collection":[{"href":"https:\/\/www.fc-weigheim.de\/index.php?rest_route=\/wp\/v2\/posts"}],"about":[{"href":"https:\/\/www.fc-weigheim.de\/index.php?rest_route=\/wp\/v2\/types\/post"}],"author":[{"embeddable":true,"href":"https:\/\/www.fc-weigheim.de\/index.php?rest_route=\/wp\/v2\/users\/6"}],"replies":[{"embeddable":true,"href":"https:\/\/www.fc-weigheim.de\/index.php?rest_route=%2Fwp%2Fv2%2Fcomments&post=435"}],"version-history":[{"count":2,"href":"https:\/\/www.fc-weigheim.de\/index.php?rest_route=\/wp\/v2\/posts\/435\/revisions"}],"predecessor-version":[{"id":437,"href":"https:\/\/www.fc-weigheim.de\/index.php?rest_route=\/wp\/v2\/posts\/435\/revisions\/437"}],"wp:attachment":[{"href":"https:\/\/www.fc-weigheim.de\/index.php?rest_route=%2Fwp%2Fv2%2Fmedia&parent=435"}],"wp:term":[{"taxonomy":"category","embeddable":true,"href":"https:\/\/www.fc-weigheim.de\/index.php?rest_route=%2Fwp%2Fv2%2Fcategories&post=435"},{"taxonomy":"post_tag","embeddable":true,"href":"https:\/\/www.fc-weigheim.de\/index.php?rest_route=%2Fwp%2Fv2%2Ftags&post=435"}],"curies":[{"name":"wp","href":"https:\/\/api.w.org\/{rel}","templated":true}]}}