{"id":467,"date":"2015-01-30T09:17:24","date_gmt":"2015-01-30T08:17:24","guid":{"rendered":"http:\/\/www.fc-weigheim.de\/?p=467"},"modified":"2015-02-05T19:00:43","modified_gmt":"2015-02-05T18:00:43","slug":"kameradschaftsabend-2015","status":"publish","type":"post","link":"https:\/\/www.fc-weigheim.de\/?p=467","title":{"rendered":"Kameradschaftsabend 2015"},"content":{"rendered":"<p>Am Samstag, 24. Januar fand im Sportheim in Weigheim der allj\u00e4hrliche Kameradschaftsabend statt. Neben einem Essen f\u00fcr die Funktion\u00e4re des FC Weigheim gabe es auch zahlreiche Ehrungen. Die anwesenden Geehrten sind im Bild zu sehen. Umrundet wurde der Abend von Lorenz Wei\u00dfhaar, der mit einem Sketch die G\u00e4ste unterhielt.<br \/>\n<a href=\"https:\/\/www.fc-weigheim.de\/wp-content\/uploads\/2015\/01\/P10003961.jpg\"><img loading=\"lazy\" decoding=\"async\" class=\"aligncenter wp-image-469 size-large\" src=\"https:\/\/www.fc-weigheim.de\/wp-content\/uploads\/2015\/01\/P10003961-1024x768.jpg\" alt=\"P1000396\" width=\"650\" height=\"488\" srcset=\"https:\/\/www.fc-weigheim.de\/wp-content\/uploads\/2015\/01\/P10003961-1024x768.jpg 1024w, https:\/\/www.fc-weigheim.de\/wp-content\/uploads\/2015\/01\/P10003961-300x225.jpg 300w\" sizes=\"auto, (max-width: 650px) 100vw, 650px\" \/><\/a><\/p>\n","protected":false},"excerpt":{"rendered":"<p>Am Samstag, 24. Januar fand im Sportheim in Weigheim der allj\u00e4hrliche Kameradschaftsabend statt. Neben einem Essen f\u00fcr die Funktion\u00e4re des FC Weigheim gabe es auch zahlreiche Ehrungen. Die anwesenden Geehrten sind im Bild zu sehen. Umrundet wurde der Abend von Lorenz Wei\u00dfhaar, der mit einem Sketch die G\u00e4ste unterhielt.<\/p>\n","protected":false},"author":6,"featured_media":469,"comment_status":"closed","ping_status":"closed","sticky":false,"template":"","format":"standard","meta":{"_themeisle_gutenberg_block_has_review":false,"footnotes":""},"categories":[1,5],"tags":[],"class_list":["post-467","post","type-post","status-publish","format-standard","has-post-thumbnail","hentry","category-allgemein","category-veranstaltung"],"_links":{"self":[{"href":"https:\/\/www.fc-weigheim.de\/index.php?rest_route=\/wp\/v2\/posts\/467","targetHints":{"allow":["GET"]}}],"collection":[{"href":"https:\/\/www.fc-weigheim.de\/index.php?rest_route=\/wp\/v2\/posts"}],"about":[{"href":"https:\/\/www.fc-weigheim.de\/index.php?rest_route=\/wp\/v2\/types\/post"}],"author":[{"embeddable":true,"href":"https:\/\/www.fc-weigheim.de\/index.php?rest_route=\/wp\/v2\/users\/6"}],"replies":[{"embeddable":true,"href":"https:\/\/www.fc-weigheim.de\/index.php?rest_route=%2Fwp%2Fv2%2Fcomments&post=467"}],"version-history":[{"count":3,"href":"https:\/\/www.fc-weigheim.de\/index.php?rest_route=\/wp\/v2\/posts\/467\/revisions"}],"predecessor-version":[{"id":473,"href":"https:\/\/www.fc-weigheim.de\/index.php?rest_route=\/wp\/v2\/posts\/467\/revisions\/473"}],"wp:featuredmedia":[{"embeddable":true,"href":"https:\/\/www.fc-weigheim.de\/index.php?rest_route=\/wp\/v2\/media\/469"}],"wp:attachment":[{"href":"https:\/\/www.fc-weigheim.de\/index.php?rest_route=%2Fwp%2Fv2%2Fmedia&parent=467"}],"wp:term":[{"taxonomy":"category","embeddable":true,"href":"https:\/\/www.fc-weigheim.de\/index.php?rest_route=%2Fwp%2Fv2%2Fcategories&post=467"},{"taxonomy":"post_tag","embeddable":true,"href":"https:\/\/www.fc-weigheim.de\/index.php?rest_route=%2Fwp%2Fv2%2Ftags&post=467"}],"curies":[{"name":"wp","href":"https:\/\/api.w.org\/{rel}","templated":true}]}}