{"id":596,"date":"2015-09-04T10:59:44","date_gmt":"2015-09-04T09:59:44","guid":{"rendered":"http:\/\/www.fc-weigheim.de\/?p=596"},"modified":"2015-09-07T11:02:14","modified_gmt":"2015-09-07T10:02:14","slug":"begeisterte-kinder-beim-ferienprogramm-des-fc","status":"publish","type":"post","link":"https:\/\/www.fc-weigheim.de\/?p=596","title":{"rendered":"Begeisterte Kinder beim Ferienprogramm des FC"},"content":{"rendered":"<p>19 begeisterte Kinder waren das Ergebnis des Ferienprogramms des FC Weigheim, das am vergangenen Dienstag-Nachmittag, 01.09.2015, stattfand. Organisiert von Willi Hauser und Karl-Heinz Frommer und in Begleitung des Ehrenvorsitzenden Albert Hammel sowie einigen M\u00fcttern machten sich die Kinder zun\u00e4chst auf zu Willis Fischteich. Dort wurden erstmal\u00a0die Angeln gerichtet und dann hie\u00df es Petri-Heil. Binnen kurzer Zeit wurden ca. 30 Fische gefangen, die\u00a0dann in\u00a0der Blechvilla am Sportplatz ausgenommen, gew\u00fcrzt und zubereitet wurden. Alternativ gab es auch noch Grillw\u00fcrste f\u00fcr die Kinder. Frisch gest\u00e4rkt lie\u00dfen die Kinder auch noch ihrer Kreativit\u00e4t freien Lauf und bemalten noch Kisten mit allerlei Mustern in bunten Farben. So verging der Nachmittag f\u00fcr alle wie im Flug und gegen Abend gingen alle Kinder froh gelaunt nach Hause.<\/p>\n<p>Allen Mitwirkenden ein herzliches Dankesch\u00f6n f\u00fcr die Organisation und den begleitenden M\u00fcttern danke f\u00fcr die Unterst\u00fctzung.<\/p>\n<p><a href=\"https:\/\/www.fc-weigheim.de\/wp-content\/uploads\/2015\/09\/FC-Ferienprogramm2015-1.jpg\"><img loading=\"lazy\" decoding=\"async\" class=\"alignnone size-full wp-image-594\" src=\"https:\/\/www.fc-weigheim.de\/wp-content\/uploads\/2015\/09\/FC-Ferienprogramm2015-1.jpg\" alt=\"FC-Ferienprogramm2015-1\" width=\"2371\" height=\"1769\" srcset=\"https:\/\/www.fc-weigheim.de\/wp-content\/uploads\/2015\/09\/FC-Ferienprogramm2015-1.jpg 2371w, https:\/\/www.fc-weigheim.de\/wp-content\/uploads\/2015\/09\/FC-Ferienprogramm2015-1-300x224.jpg 300w, https:\/\/www.fc-weigheim.de\/wp-content\/uploads\/2015\/09\/FC-Ferienprogramm2015-1-1024x764.jpg 1024w\" sizes=\"auto, (max-width: 2371px) 100vw, 2371px\" \/><\/a> <a href=\"https:\/\/www.fc-weigheim.de\/wp-content\/uploads\/2015\/09\/FC-Ferienprogramm2015-2.jpg\"><img loading=\"lazy\" decoding=\"async\" class=\"alignnone size-full wp-image-595\" src=\"https:\/\/www.fc-weigheim.de\/wp-content\/uploads\/2015\/09\/FC-Ferienprogramm2015-2.jpg\" alt=\"FC-Ferienprogramm2015-2\" width=\"1739\" height=\"2376\" srcset=\"https:\/\/www.fc-weigheim.de\/wp-content\/uploads\/2015\/09\/FC-Ferienprogramm2015-2.jpg 1739w, https:\/\/www.fc-weigheim.de\/wp-content\/uploads\/2015\/09\/FC-Ferienprogramm2015-2-220x300.jpg 220w, https:\/\/www.fc-weigheim.de\/wp-content\/uploads\/2015\/09\/FC-Ferienprogramm2015-2-749x1024.jpg 749w\" sizes=\"auto, (max-width: 1739px) 100vw, 1739px\" \/><\/a> <a href=\"https:\/\/www.fc-weigheim.de\/wp-content\/uploads\/2015\/09\/FC-Ferienprogramm2015-3.jpg\"><img loading=\"lazy\" decoding=\"async\" class=\"alignnone size-full wp-image-593\" src=\"https:\/\/www.fc-weigheim.de\/wp-content\/uploads\/2015\/09\/FC-Ferienprogramm2015-3.jpg\" alt=\"FC-Ferienprogramm2015-3\" width=\"2370\" height=\"1773\" srcset=\"https:\/\/www.fc-weigheim.de\/wp-content\/uploads\/2015\/09\/FC-Ferienprogramm2015-3.jpg 2370w, https:\/\/www.fc-weigheim.de\/wp-content\/uploads\/2015\/09\/FC-Ferienprogramm2015-3-300x224.jpg 300w, https:\/\/www.fc-weigheim.de\/wp-content\/uploads\/2015\/09\/FC-Ferienprogramm2015-3-1024x766.jpg 1024w\" sizes=\"auto, (max-width: 2370px) 100vw, 2370px\" \/><\/a> <a href=\"https:\/\/www.fc-weigheim.de\/wp-content\/uploads\/2015\/09\/FC-Ferienprogramm2015-4.jpg\"><img loading=\"lazy\" decoding=\"async\" class=\"alignnone size-full wp-image-592\" src=\"https:\/\/www.fc-weigheim.de\/wp-content\/uploads\/2015\/09\/FC-Ferienprogramm2015-4.jpg\" alt=\"FC-Ferienprogramm2015-4\" width=\"2382\" height=\"1769\" srcset=\"https:\/\/www.fc-weigheim.de\/wp-content\/uploads\/2015\/09\/FC-Ferienprogramm2015-4.jpg 2382w, https:\/\/www.fc-weigheim.de\/wp-content\/uploads\/2015\/09\/FC-Ferienprogramm2015-4-300x223.jpg 300w, https:\/\/www.fc-weigheim.de\/wp-content\/uploads\/2015\/09\/FC-Ferienprogramm2015-4-1024x760.jpg 1024w\" sizes=\"auto, (max-width: 2382px) 100vw, 2382px\" \/><\/a><\/p>\n","protected":false},"excerpt":{"rendered":"<p>19 begeisterte Kinder waren das Ergebnis des Ferienprogramms des FC Weigheim, das am vergangenen Dienstag-Nachmittag, 01.09.2015, stattfand. Organisiert von Willi Hauser und Karl-Heinz Frommer und in Begleitung des Ehrenvorsitzenden Albert Hammel sowie einigen M\u00fcttern machten sich die Kinder zun\u00e4chst auf zu Willis Fischteich. Dort wurden erstmal\u00a0die Angeln gerichtet und dann hie\u00df es Petri-Heil. Binnen kurzer [&hellip;]<\/p>\n","protected":false},"author":6,"featured_media":594,"comment_status":"closed","ping_status":"closed","sticky":false,"template":"","format":"standard","meta":{"_themeisle_gutenberg_block_has_review":false,"footnotes":""},"categories":[5],"tags":[],"class_list":["post-596","post","type-post","status-publish","format-standard","has-post-thumbnail","hentry","category-veranstaltung"],"_links":{"self":[{"href":"https:\/\/www.fc-weigheim.de\/index.php?rest_route=\/wp\/v2\/posts\/596","targetHints":{"allow":["GET"]}}],"collection":[{"href":"https:\/\/www.fc-weigheim.de\/index.php?rest_route=\/wp\/v2\/posts"}],"about":[{"href":"https:\/\/www.fc-weigheim.de\/index.php?rest_route=\/wp\/v2\/types\/post"}],"author":[{"embeddable":true,"href":"https:\/\/www.fc-weigheim.de\/index.php?rest_route=\/wp\/v2\/users\/6"}],"replies":[{"embeddable":true,"href":"https:\/\/www.fc-weigheim.de\/index.php?rest_route=%2Fwp%2Fv2%2Fcomments&post=596"}],"version-history":[{"count":1,"href":"https:\/\/www.fc-weigheim.de\/index.php?rest_route=\/wp\/v2\/posts\/596\/revisions"}],"predecessor-version":[{"id":597,"href":"https:\/\/www.fc-weigheim.de\/index.php?rest_route=\/wp\/v2\/posts\/596\/revisions\/597"}],"wp:featuredmedia":[{"embeddable":true,"href":"https:\/\/www.fc-weigheim.de\/index.php?rest_route=\/wp\/v2\/media\/594"}],"wp:attachment":[{"href":"https:\/\/www.fc-weigheim.de\/index.php?rest_route=%2Fwp%2Fv2%2Fmedia&parent=596"}],"wp:term":[{"taxonomy":"category","embeddable":true,"href":"https:\/\/www.fc-weigheim.de\/index.php?rest_route=%2Fwp%2Fv2%2Fcategories&post=596"},{"taxonomy":"post_tag","embeddable":true,"href":"https:\/\/www.fc-weigheim.de\/index.php?rest_route=%2Fwp%2Fv2%2Ftags&post=596"}],"curies":[{"name":"wp","href":"https:\/\/api.w.org\/{rel}","templated":true}]}}