{"id":605,"date":"2015-09-14T13:32:21","date_gmt":"2015-09-14T12:32:21","guid":{"rendered":"http:\/\/www.fc-weigheim.de\/?p=605"},"modified":"2015-09-16T17:12:51","modified_gmt":"2015-09-16T16:12:51","slug":"tolle-stimmung-beim-fussball-wochenende","status":"publish","type":"post","link":"https:\/\/www.fc-weigheim.de\/?p=605","title":{"rendered":"Tolle Stimmung beim Fu\u00dfball-Wochenende"},"content":{"rendered":"<p>Eine tolle Stimmung und viel Spa\u00df gab es beim Fu\u00dfball-Wochenende des FC, das am vergangenen Freitag mit dem Nachtelfmeter-Turnier begann. Mit 29 teilnehmenden Mannschaften war das Nachtelfmeter-Turnier wieder gut besucht und alle Teilnehmer kickten und feierten bis tief in die Nacht.<\/p>\n<p>Der Samstag stand dann im Zeichen der Jugend. Hier bestritten die F-, E- und D-Jugend jeweils Vorbereitungsspiele gegen G\u00e4ste aus Tuningen und M\u00f6hringen. Abschlie\u00dfend fand dann noch das Bezirkspokalspiel der A-Jugend gegen die SGM Gosheim statt. Begleitend zu den Spielen hatten die Jugendlichen zus\u00e4tzlich die M\u00f6glichkeit, das DFB &amp; McDonalds &#8211; Fu\u00dfballabzeichen abnehmen zu lassen. Dies war vor allem bei den j\u00fcngeren Fu\u00dfballern hei\u00df begehrt. Bei perfektem Sp\u00e4tsommerwetter war auch die Stimmung am Bierkarussell und der Blechvilla bestens.<\/p>\n<p>Den Abschluss des Wochenendes bildete das Heimspiel der 1. Mannschaft gegen Wellendingen, das leider verloren ging &#8211; der einzige Wermutstropfen auf ein tolles Wochenende.<\/p>\n<p>Wir bedanken uns bei allen G\u00e4sten und allen Helfern, die zum Gelingen des Wochenendes beigetragen haben.<\/p>\n<p>&nbsp;<\/p>\n<p><a href=\"https:\/\/www.fc-weigheim.de\/wp-content\/uploads\/2015\/09\/FussballWE2015-1.jpg\"><img loading=\"lazy\" decoding=\"async\" class=\"alignnone size-full wp-image-607\" src=\"https:\/\/www.fc-weigheim.de\/wp-content\/uploads\/2015\/09\/FussballWE2015-1.jpg\" alt=\"FussballWE2015-1\" width=\"2638\" height=\"1253\" srcset=\"https:\/\/www.fc-weigheim.de\/wp-content\/uploads\/2015\/09\/FussballWE2015-1.jpg 2638w, https:\/\/www.fc-weigheim.de\/wp-content\/uploads\/2015\/09\/FussballWE2015-1-300x142.jpg 300w, https:\/\/www.fc-weigheim.de\/wp-content\/uploads\/2015\/09\/FussballWE2015-1-1024x486.jpg 1024w\" sizes=\"auto, (max-width: 2638px) 100vw, 2638px\" \/><\/a><\/p>\n<p><a href=\"https:\/\/www.fc-weigheim.de\/wp-content\/uploads\/2015\/09\/FussballWE2015-3.jpg\"><img loading=\"lazy\" decoding=\"async\" class=\"alignnone size-full wp-image-609\" src=\"https:\/\/www.fc-weigheim.de\/wp-content\/uploads\/2015\/09\/FussballWE2015-3.jpg\" alt=\"FussballWE2015-3\" width=\"1632\" height=\"1224\" srcset=\"https:\/\/www.fc-weigheim.de\/wp-content\/uploads\/2015\/09\/FussballWE2015-3.jpg 1632w, https:\/\/www.fc-weigheim.de\/wp-content\/uploads\/2015\/09\/FussballWE2015-3-300x225.jpg 300w, https:\/\/www.fc-weigheim.de\/wp-content\/uploads\/2015\/09\/FussballWE2015-3-1024x768.jpg 1024w\" sizes=\"auto, (max-width: 1632px) 100vw, 1632px\" \/><\/a> <a href=\"https:\/\/www.fc-weigheim.de\/wp-content\/uploads\/2015\/09\/FussballWE2015-2.jpg\"><img loading=\"lazy\" decoding=\"async\" class=\"alignnone size-full wp-image-608\" src=\"https:\/\/www.fc-weigheim.de\/wp-content\/uploads\/2015\/09\/FussballWE2015-2.jpg\" alt=\"FussballWE2015-2\" width=\"1632\" height=\"1224\" srcset=\"https:\/\/www.fc-weigheim.de\/wp-content\/uploads\/2015\/09\/FussballWE2015-2.jpg 1632w, https:\/\/www.fc-weigheim.de\/wp-content\/uploads\/2015\/09\/FussballWE2015-2-300x225.jpg 300w, https:\/\/www.fc-weigheim.de\/wp-content\/uploads\/2015\/09\/FussballWE2015-2-1024x768.jpg 1024w\" sizes=\"auto, (max-width: 1632px) 100vw, 1632px\" \/><\/a> <a href=\"https:\/\/www.fc-weigheim.de\/wp-content\/uploads\/2015\/09\/FussballWE2015-8.jpg\"><img loading=\"lazy\" decoding=\"async\" class=\"alignnone size-full wp-image-614\" src=\"https:\/\/www.fc-weigheim.de\/wp-content\/uploads\/2015\/09\/FussballWE2015-8.jpg\" alt=\"FussballWE2015-8\" width=\"1632\" height=\"849\" srcset=\"https:\/\/www.fc-weigheim.de\/wp-content\/uploads\/2015\/09\/FussballWE2015-8.jpg 1632w, https:\/\/www.fc-weigheim.de\/wp-content\/uploads\/2015\/09\/FussballWE2015-8-300x156.jpg 300w, https:\/\/www.fc-weigheim.de\/wp-content\/uploads\/2015\/09\/FussballWE2015-8-1024x533.jpg 1024w\" sizes=\"auto, (max-width: 1632px) 100vw, 1632px\" \/><\/a> <a href=\"https:\/\/www.fc-weigheim.de\/wp-content\/uploads\/2015\/09\/FussballWE2015-7.jpg\"><img loading=\"lazy\" decoding=\"async\" class=\"alignnone size-full wp-image-613\" src=\"https:\/\/www.fc-weigheim.de\/wp-content\/uploads\/2015\/09\/FussballWE2015-7.jpg\" alt=\"FussballWE2015-7\" width=\"1632\" height=\"1224\" srcset=\"https:\/\/www.fc-weigheim.de\/wp-content\/uploads\/2015\/09\/FussballWE2015-7.jpg 1632w, https:\/\/www.fc-weigheim.de\/wp-content\/uploads\/2015\/09\/FussballWE2015-7-300x225.jpg 300w, https:\/\/www.fc-weigheim.de\/wp-content\/uploads\/2015\/09\/FussballWE2015-7-1024x768.jpg 1024w\" sizes=\"auto, (max-width: 1632px) 100vw, 1632px\" \/><\/a> <a href=\"https:\/\/www.fc-weigheim.de\/wp-content\/uploads\/2015\/09\/FussballWE2015-6.jpg\"><img loading=\"lazy\" decoding=\"async\" class=\"alignnone size-full wp-image-612\" src=\"https:\/\/www.fc-weigheim.de\/wp-content\/uploads\/2015\/09\/FussballWE2015-6.jpg\" alt=\"FussballWE2015-6\" width=\"1616\" height=\"872\" srcset=\"https:\/\/www.fc-weigheim.de\/wp-content\/uploads\/2015\/09\/FussballWE2015-6.jpg 1616w, https:\/\/www.fc-weigheim.de\/wp-content\/uploads\/2015\/09\/FussballWE2015-6-300x162.jpg 300w, https:\/\/www.fc-weigheim.de\/wp-content\/uploads\/2015\/09\/FussballWE2015-6-1024x553.jpg 1024w\" sizes=\"auto, (max-width: 1616px) 100vw, 1616px\" \/><\/a> <a href=\"https:\/\/www.fc-weigheim.de\/wp-content\/uploads\/2015\/09\/FussballWE2015-5.jpg\"><img loading=\"lazy\" decoding=\"async\" class=\"alignnone size-full wp-image-611\" src=\"https:\/\/www.fc-weigheim.de\/wp-content\/uploads\/2015\/09\/FussballWE2015-5.jpg\" alt=\"FussballWE2015-5\" width=\"1647\" height=\"818\" srcset=\"https:\/\/www.fc-weigheim.de\/wp-content\/uploads\/2015\/09\/FussballWE2015-5.jpg 1647w, https:\/\/www.fc-weigheim.de\/wp-content\/uploads\/2015\/09\/FussballWE2015-5-300x149.jpg 300w, https:\/\/www.fc-weigheim.de\/wp-content\/uploads\/2015\/09\/FussballWE2015-5-1024x509.jpg 1024w\" sizes=\"auto, (max-width: 1647px) 100vw, 1647px\" \/><\/a> <a href=\"https:\/\/www.fc-weigheim.de\/wp-content\/uploads\/2015\/09\/FussballWE2015-4.jpg\"><img loading=\"lazy\" decoding=\"async\" class=\"alignnone size-full wp-image-610\" src=\"https:\/\/www.fc-weigheim.de\/wp-content\/uploads\/2015\/09\/FussballWE2015-4.jpg\" alt=\"FussballWE2015-4\" width=\"1632\" height=\"617\" srcset=\"https:\/\/www.fc-weigheim.de\/wp-content\/uploads\/2015\/09\/FussballWE2015-4.jpg 1632w, https:\/\/www.fc-weigheim.de\/wp-content\/uploads\/2015\/09\/FussballWE2015-4-300x113.jpg 300w, https:\/\/www.fc-weigheim.de\/wp-content\/uploads\/2015\/09\/FussballWE2015-4-1024x387.jpg 1024w\" sizes=\"auto, (max-width: 1632px) 100vw, 1632px\" \/><\/a>\u00a0\u00a0 <a href=\"https:\/\/www.fc-weigheim.de\/wp-content\/uploads\/2015\/09\/FussballWE2015-9.jpg\"><img loading=\"lazy\" decoding=\"async\" class=\"alignnone size-full wp-image-606\" src=\"https:\/\/www.fc-weigheim.de\/wp-content\/uploads\/2015\/09\/FussballWE2015-9.jpg\" alt=\"FussballWE2015-9\" width=\"3264\" height=\"1848\" srcset=\"https:\/\/www.fc-weigheim.de\/wp-content\/uploads\/2015\/09\/FussballWE2015-9.jpg 3264w, https:\/\/www.fc-weigheim.de\/wp-content\/uploads\/2015\/09\/FussballWE2015-9-300x170.jpg 300w, https:\/\/www.fc-weigheim.de\/wp-content\/uploads\/2015\/09\/FussballWE2015-9-1024x580.jpg 1024w\" sizes=\"auto, (max-width: 3264px) 100vw, 3264px\" \/><\/a><\/p>\n","protected":false},"excerpt":{"rendered":"<p>Eine tolle Stimmung und viel Spa\u00df gab es beim Fu\u00dfball-Wochenende des FC, das am vergangenen Freitag mit dem Nachtelfmeter-Turnier begann. Mit 29 teilnehmenden Mannschaften war das Nachtelfmeter-Turnier wieder gut besucht und alle Teilnehmer kickten und feierten bis tief in die Nacht. Der Samstag stand dann im Zeichen der Jugend. Hier bestritten die F-, E- und [&hellip;]<\/p>\n","protected":false},"author":6,"featured_media":607,"comment_status":"closed","ping_status":"closed","sticky":false,"template":"","format":"standard","meta":{"_themeisle_gutenberg_block_has_review":false,"footnotes":""},"categories":[5],"tags":[],"class_list":["post-605","post","type-post","status-publish","format-standard","has-post-thumbnail","hentry","category-veranstaltung"],"_links":{"self":[{"href":"https:\/\/www.fc-weigheim.de\/index.php?rest_route=\/wp\/v2\/posts\/605","targetHints":{"allow":["GET"]}}],"collection":[{"href":"https:\/\/www.fc-weigheim.de\/index.php?rest_route=\/wp\/v2\/posts"}],"about":[{"href":"https:\/\/www.fc-weigheim.de\/index.php?rest_route=\/wp\/v2\/types\/post"}],"author":[{"embeddable":true,"href":"https:\/\/www.fc-weigheim.de\/index.php?rest_route=\/wp\/v2\/users\/6"}],"replies":[{"embeddable":true,"href":"https:\/\/www.fc-weigheim.de\/index.php?rest_route=%2Fwp%2Fv2%2Fcomments&post=605"}],"version-history":[{"count":2,"href":"https:\/\/www.fc-weigheim.de\/index.php?rest_route=\/wp\/v2\/posts\/605\/revisions"}],"predecessor-version":[{"id":616,"href":"https:\/\/www.fc-weigheim.de\/index.php?rest_route=\/wp\/v2\/posts\/605\/revisions\/616"}],"wp:featuredmedia":[{"embeddable":true,"href":"https:\/\/www.fc-weigheim.de\/index.php?rest_route=\/wp\/v2\/media\/607"}],"wp:attachment":[{"href":"https:\/\/www.fc-weigheim.de\/index.php?rest_route=%2Fwp%2Fv2%2Fmedia&parent=605"}],"wp:term":[{"taxonomy":"category","embeddable":true,"href":"https:\/\/www.fc-weigheim.de\/index.php?rest_route=%2Fwp%2Fv2%2Fcategories&post=605"},{"taxonomy":"post_tag","embeddable":true,"href":"https:\/\/www.fc-weigheim.de\/index.php?rest_route=%2Fwp%2Fv2%2Ftags&post=605"}],"curies":[{"name":"wp","href":"https:\/\/api.w.org\/{rel}","templated":true}]}}