{"id":696,"date":"2015-11-02T10:05:20","date_gmt":"2015-11-02T09:05:20","guid":{"rendered":"http:\/\/www.fc-weigheim.de\/?p=696"},"modified":"2015-11-02T10:06:48","modified_gmt":"2015-11-02T09:06:48","slug":"froehliche-stimmung-beim-herbstfest","status":"publish","type":"post","link":"https:\/\/www.fc-weigheim.de\/?p=696","title":{"rendered":"Fr\u00f6hliche Stimmung beim Herbstfest"},"content":{"rendered":"<p>Ein volles Haus gleich von Beginn an gab es beim Herbstfest des FC. Schlag 19:00 Uhr zum Fassanstich str\u00f6mten die Besucher ins ehemalige Gasthaus Hirschen in Weigheim. Bei stimmungsvoller Musik verweilten die G\u00e4ste bis sp\u00e4t in die Nacht.<\/p>\n<p><a href=\"https:\/\/www.fc-weigheim.de\/wp-content\/uploads\/2015\/11\/2015-10-30-Herbstfest1.jpg\"><img loading=\"lazy\" decoding=\"async\" class=\"alignnone size-full wp-image-694\" src=\"https:\/\/www.fc-weigheim.de\/wp-content\/uploads\/2015\/11\/2015-10-30-Herbstfest1.jpg\" alt=\"2015-10-30-Herbstfest1\" width=\"4032\" height=\"3024\" srcset=\"https:\/\/www.fc-weigheim.de\/wp-content\/uploads\/2015\/11\/2015-10-30-Herbstfest1.jpg 4032w, https:\/\/www.fc-weigheim.de\/wp-content\/uploads\/2015\/11\/2015-10-30-Herbstfest1-300x225.jpg 300w, https:\/\/www.fc-weigheim.de\/wp-content\/uploads\/2015\/11\/2015-10-30-Herbstfest1-1024x768.jpg 1024w\" sizes=\"auto, (max-width: 4032px) 100vw, 4032px\" \/><\/a> <a href=\"https:\/\/www.fc-weigheim.de\/wp-content\/uploads\/2015\/11\/2015-10-30-Herbstfest2.jpg\"><img loading=\"lazy\" decoding=\"async\" class=\"alignnone size-full wp-image-692\" src=\"https:\/\/www.fc-weigheim.de\/wp-content\/uploads\/2015\/11\/2015-10-30-Herbstfest2.jpg\" alt=\"2015-10-30-Herbstfest2\" width=\"4032\" height=\"3024\" srcset=\"https:\/\/www.fc-weigheim.de\/wp-content\/uploads\/2015\/11\/2015-10-30-Herbstfest2.jpg 4032w, https:\/\/www.fc-weigheim.de\/wp-content\/uploads\/2015\/11\/2015-10-30-Herbstfest2-300x225.jpg 300w, https:\/\/www.fc-weigheim.de\/wp-content\/uploads\/2015\/11\/2015-10-30-Herbstfest2-1024x768.jpg 1024w\" sizes=\"auto, (max-width: 4032px) 100vw, 4032px\" \/><\/a> <a href=\"https:\/\/www.fc-weigheim.de\/wp-content\/uploads\/2015\/11\/2015-10-30-Herbstfest3.jpg\"><img loading=\"lazy\" decoding=\"async\" class=\"alignnone size-full wp-image-695\" src=\"https:\/\/www.fc-weigheim.de\/wp-content\/uploads\/2015\/11\/2015-10-30-Herbstfest3.jpg\" alt=\"2015-10-30-Herbstfest3\" width=\"4032\" height=\"3024\" srcset=\"https:\/\/www.fc-weigheim.de\/wp-content\/uploads\/2015\/11\/2015-10-30-Herbstfest3.jpg 4032w, https:\/\/www.fc-weigheim.de\/wp-content\/uploads\/2015\/11\/2015-10-30-Herbstfest3-300x225.jpg 300w, https:\/\/www.fc-weigheim.de\/wp-content\/uploads\/2015\/11\/2015-10-30-Herbstfest3-1024x768.jpg 1024w\" sizes=\"auto, (max-width: 4032px) 100vw, 4032px\" \/><\/a> <a href=\"https:\/\/www.fc-weigheim.de\/wp-content\/uploads\/2015\/11\/2015-10-30-Herbstfest4.jpg\"><img loading=\"lazy\" decoding=\"async\" class=\"alignnone size-full wp-image-693\" src=\"https:\/\/www.fc-weigheim.de\/wp-content\/uploads\/2015\/11\/2015-10-30-Herbstfest4.jpg\" alt=\"2015-10-30-Herbstfest4\" width=\"4032\" height=\"3024\" srcset=\"https:\/\/www.fc-weigheim.de\/wp-content\/uploads\/2015\/11\/2015-10-30-Herbstfest4.jpg 4032w, https:\/\/www.fc-weigheim.de\/wp-content\/uploads\/2015\/11\/2015-10-30-Herbstfest4-300x225.jpg 300w, https:\/\/www.fc-weigheim.de\/wp-content\/uploads\/2015\/11\/2015-10-30-Herbstfest4-1024x768.jpg 1024w\" sizes=\"auto, (max-width: 4032px) 100vw, 4032px\" \/><\/a><\/p>\n<p>Allen Helfern, die zum Gelingen des Wochenendes beigetragen haben, ein herzliches Dankesch\u00f6n.<\/p>\n","protected":false},"excerpt":{"rendered":"<p>Ein volles Haus gleich von Beginn an gab es beim Herbstfest des FC. Schlag 19:00 Uhr zum Fassanstich str\u00f6mten die Besucher ins ehemalige Gasthaus Hirschen in Weigheim. Bei stimmungsvoller Musik verweilten die G\u00e4ste bis sp\u00e4t in die Nacht. Allen Helfern, die zum Gelingen des Wochenendes beigetragen haben, ein herzliches Dankesch\u00f6n.<\/p>\n","protected":false},"author":6,"featured_media":692,"comment_status":"closed","ping_status":"closed","sticky":false,"template":"","format":"standard","meta":{"_themeisle_gutenberg_block_has_review":false,"footnotes":""},"categories":[5],"tags":[],"class_list":["post-696","post","type-post","status-publish","format-standard","has-post-thumbnail","hentry","category-veranstaltung"],"_links":{"self":[{"href":"https:\/\/www.fc-weigheim.de\/index.php?rest_route=\/wp\/v2\/posts\/696","targetHints":{"allow":["GET"]}}],"collection":[{"href":"https:\/\/www.fc-weigheim.de\/index.php?rest_route=\/wp\/v2\/posts"}],"about":[{"href":"https:\/\/www.fc-weigheim.de\/index.php?rest_route=\/wp\/v2\/types\/post"}],"author":[{"embeddable":true,"href":"https:\/\/www.fc-weigheim.de\/index.php?rest_route=\/wp\/v2\/users\/6"}],"replies":[{"embeddable":true,"href":"https:\/\/www.fc-weigheim.de\/index.php?rest_route=%2Fwp%2Fv2%2Fcomments&post=696"}],"version-history":[{"count":1,"href":"https:\/\/www.fc-weigheim.de\/index.php?rest_route=\/wp\/v2\/posts\/696\/revisions"}],"predecessor-version":[{"id":697,"href":"https:\/\/www.fc-weigheim.de\/index.php?rest_route=\/wp\/v2\/posts\/696\/revisions\/697"}],"wp:featuredmedia":[{"embeddable":true,"href":"https:\/\/www.fc-weigheim.de\/index.php?rest_route=\/wp\/v2\/media\/692"}],"wp:attachment":[{"href":"https:\/\/www.fc-weigheim.de\/index.php?rest_route=%2Fwp%2Fv2%2Fmedia&parent=696"}],"wp:term":[{"taxonomy":"category","embeddable":true,"href":"https:\/\/www.fc-weigheim.de\/index.php?rest_route=%2Fwp%2Fv2%2Fcategories&post=696"},{"taxonomy":"post_tag","embeddable":true,"href":"https:\/\/www.fc-weigheim.de\/index.php?rest_route=%2Fwp%2Fv2%2Ftags&post=696"}],"curies":[{"name":"wp","href":"https:\/\/api.w.org\/{rel}","templated":true}]}}