{"id":722,"date":"2016-03-20T08:40:58","date_gmt":"2016-03-20T07:40:58","guid":{"rendered":"http:\/\/www.fc-weigheim.de\/?p=722"},"modified":"2016-04-01T08:44:42","modified_gmt":"2016-04-01T07:44:42","slug":"generalversammlung-2016","status":"publish","type":"post","link":"https:\/\/www.fc-weigheim.de\/?p=722","title":{"rendered":"Generalversammlung 2016"},"content":{"rendered":"<p>Am 18.03.2016 fand die Generalversammlung des FC Weigheim in der Sportheim-Gastst\u00e4tte statt. Nach den Rechenschaftsberichten der Vorstandschef und der Abteilungsleiter konnten im Anschluss die Neuwahlen z\u00fcgig durchgef\u00fchrt werden. Dabei wurden folgende Personen in ihrem Amt best\u00e4tigt oder neu gew\u00e4hlt:<\/p>\n<p>1. Vorsitzender: Fabian Jahn<br \/>\n2. Vorsitzender: Josef H\u00e4ring<br \/>\nSchriftf\u00fchrerin: Gudrun Stern<br \/>\nHauptkassierer: Uwe Jahn<br \/>\nVerm\u00f6gensverwalter: Albert Hammel<br \/>\nJugendleiter: Klaus Mairon<br \/>\nStv. Jugendleiter: Matthias L\u00f6ffler, Michael Dettling<br \/>\nSchriftf\u00fchrerin Jugend: Jessica Pfeifer<br \/>\nJugendkasse: Martina L\u00f6ffler<br \/>\nElternvertreter: Tamara Messner, Dirk Gaisser, Mike Vazquez<br \/>\nSpielausschussvorsitzender: Frank Kohler<br \/>\nSpielausschussbeisitzer: Marc Hauser, Karlheinz Frommer<br \/>\nAH-Leiter: Reinhard Maier<br \/>\nStv. AH-Leiter: Steffen Dreher<br \/>\nBadminton: Bruno Hauser<br \/>\nFestausschuss: Willi Hauser, Sigrid M\u00fchlhausen, Stefan G\u00f6ller, Bernhard K\u00f6hle<br \/>\nPlatzkassierer: Hubert Grupp, Horst Uhl<br \/>\nBarkassierer: Willi Hauser<br \/>\nPassiver Beisitzer: Hans Neher<br \/>\nKassenpr\u00fcfer: Peter Dettling, Hans Hruby<\/p>\n<p>F\u00fcr die Bereitschaft der vielen Funktion\u00e4re, die sich auch im kommenden Jahr wieder in das Vereinsgeschehen einbringen m\u00f6chten, bedanken wir uns recht herzlich.<\/p>\n<p>Die Vorstandschaft<\/p>\n<p>&nbsp;<\/p>\n","protected":false},"excerpt":{"rendered":"<p>Am 18.03.2016 fand die Generalversammlung des FC Weigheim in der Sportheim-Gastst\u00e4tte statt. Nach den Rechenschaftsberichten der Vorstandschef und der Abteilungsleiter konnten im Anschluss die Neuwahlen z\u00fcgig durchgef\u00fchrt werden. Dabei wurden folgende Personen in ihrem Amt best\u00e4tigt oder neu gew\u00e4hlt: 1. Vorsitzender: Fabian Jahn 2. Vorsitzender: Josef H\u00e4ring Schriftf\u00fchrerin: Gudrun Stern Hauptkassierer: Uwe Jahn Verm\u00f6gensverwalter: Albert [&hellip;]<\/p>\n","protected":false},"author":6,"featured_media":0,"comment_status":"closed","ping_status":"closed","sticky":false,"template":"","format":"standard","meta":{"_themeisle_gutenberg_block_has_review":false,"footnotes":""},"categories":[1,5],"tags":[],"class_list":["post-722","post","type-post","status-publish","format-standard","hentry","category-allgemein","category-veranstaltung"],"_links":{"self":[{"href":"https:\/\/www.fc-weigheim.de\/index.php?rest_route=\/wp\/v2\/posts\/722","targetHints":{"allow":["GET"]}}],"collection":[{"href":"https:\/\/www.fc-weigheim.de\/index.php?rest_route=\/wp\/v2\/posts"}],"about":[{"href":"https:\/\/www.fc-weigheim.de\/index.php?rest_route=\/wp\/v2\/types\/post"}],"author":[{"embeddable":true,"href":"https:\/\/www.fc-weigheim.de\/index.php?rest_route=\/wp\/v2\/users\/6"}],"replies":[{"embeddable":true,"href":"https:\/\/www.fc-weigheim.de\/index.php?rest_route=%2Fwp%2Fv2%2Fcomments&post=722"}],"version-history":[{"count":3,"href":"https:\/\/www.fc-weigheim.de\/index.php?rest_route=\/wp\/v2\/posts\/722\/revisions"}],"predecessor-version":[{"id":725,"href":"https:\/\/www.fc-weigheim.de\/index.php?rest_route=\/wp\/v2\/posts\/722\/revisions\/725"}],"wp:attachment":[{"href":"https:\/\/www.fc-weigheim.de\/index.php?rest_route=%2Fwp%2Fv2%2Fmedia&parent=722"}],"wp:term":[{"taxonomy":"category","embeddable":true,"href":"https:\/\/www.fc-weigheim.de\/index.php?rest_route=%2Fwp%2Fv2%2Fcategories&post=722"},{"taxonomy":"post_tag","embeddable":true,"href":"https:\/\/www.fc-weigheim.de\/index.php?rest_route=%2Fwp%2Fv2%2Ftags&post=722"}],"curies":[{"name":"wp","href":"https:\/\/api.w.org\/{rel}","templated":true}]}}