{"id":773,"date":"2016-06-21T22:49:29","date_gmt":"2016-06-21T21:49:29","guid":{"rendered":"http:\/\/www.fc-weigheim.de\/?p=773"},"modified":"2016-06-21T22:49:29","modified_gmt":"2016-06-21T21:49:29","slug":"comeback-des-jahres","status":"publish","type":"post","link":"https:\/\/www.fc-weigheim.de\/?p=773","title":{"rendered":"Comeback des Jahres"},"content":{"rendered":"<p>Comeback des Jahres: FCW-Spieler Maximilian Rombach durfte gestern beim Spiel gegen den SV Rot-Wei\u00df Rottweil (7:3) circa ein Jahr nach seinem schweren Motorradunfall den Ansto\u00df ausf\u00fchren. Der ganze FC Weigheim w\u00fcnscht Maxi weiterhin viel Kraft und Erfolg bei seiner Genesung! Du wirst immer ein Teil des Teams sein <i class=\"_3kkw _4-k1\"><span class=\"accessible_elem\">&#x1f4aa;<\/span><\/i><a class=\"_58cn\" href=\"https:\/\/www.facebook.com\/hashtag\/einerf%C3%BCralleundallef%C3%BCreinen?source=feed_text\" data-ft=\"{&quot;tn&quot;:&quot;*N&quot;,&quot;type&quot;:104}\"><span class=\"_58cl\">\u202a#\u200e<\/span><span class=\"_58cm\">einerf\u00fcralleundallef\u00fcreinen\u202c<\/span><\/a> <a class=\"_58cn\" href=\"https:\/\/www.facebook.com\/hashtag\/nurderfcw?source=feed_text\" data-ft=\"{&quot;tn&quot;:&quot;*N&quot;,&quot;type&quot;:104}\"><span class=\"_58cl\">\u202a#\u200e<\/span><span class=\"_58cm\">nurderfcw\u202c<\/span><\/a><\/p>\n<p>&nbsp;<\/p>\n<p><a href=\"https:\/\/www.facebook.com\/FC-Weigheim-205758699448264\/\">https:\/\/www.facebook.com\/FC-Weigheim-205758699448264\/<\/a><\/p>\n","protected":false},"excerpt":{"rendered":"<p>Comeback des Jahres: FCW-Spieler Maximilian Rombach durfte gestern beim Spiel gegen den SV Rot-Wei\u00df Rottweil (7:3) circa ein Jahr nach seinem schweren Motorradunfall den Ansto\u00df ausf\u00fchren. Der ganze FC Weigheim w\u00fcnscht Maxi weiterhin viel Kraft und Erfolg bei seiner Genesung! Du wirst immer ein Teil des Teams sein &#x1f4aa;\u202a#\u200eeinerf\u00fcralleundallef\u00fcreinen\u202c \u202a#\u200enurderfcw\u202c &nbsp; https:\/\/www.facebook.com\/FC-Weigheim-205758699448264\/<\/p>\n","protected":false},"author":6,"featured_media":0,"comment_status":"closed","ping_status":"closed","sticky":false,"template":"","format":"standard","meta":{"_themeisle_gutenberg_block_has_review":false,"footnotes":""},"categories":[4],"tags":[],"class_list":["post-773","post","type-post","status-publish","format-standard","hentry","category-1-mannschaft"],"_links":{"self":[{"href":"https:\/\/www.fc-weigheim.de\/index.php?rest_route=\/wp\/v2\/posts\/773","targetHints":{"allow":["GET"]}}],"collection":[{"href":"https:\/\/www.fc-weigheim.de\/index.php?rest_route=\/wp\/v2\/posts"}],"about":[{"href":"https:\/\/www.fc-weigheim.de\/index.php?rest_route=\/wp\/v2\/types\/post"}],"author":[{"embeddable":true,"href":"https:\/\/www.fc-weigheim.de\/index.php?rest_route=\/wp\/v2\/users\/6"}],"replies":[{"embeddable":true,"href":"https:\/\/www.fc-weigheim.de\/index.php?rest_route=%2Fwp%2Fv2%2Fcomments&post=773"}],"version-history":[{"count":1,"href":"https:\/\/www.fc-weigheim.de\/index.php?rest_route=\/wp\/v2\/posts\/773\/revisions"}],"predecessor-version":[{"id":774,"href":"https:\/\/www.fc-weigheim.de\/index.php?rest_route=\/wp\/v2\/posts\/773\/revisions\/774"}],"wp:attachment":[{"href":"https:\/\/www.fc-weigheim.de\/index.php?rest_route=%2Fwp%2Fv2%2Fmedia&parent=773"}],"wp:term":[{"taxonomy":"category","embeddable":true,"href":"https:\/\/www.fc-weigheim.de\/index.php?rest_route=%2Fwp%2Fv2%2Fcategories&post=773"},{"taxonomy":"post_tag","embeddable":true,"href":"https:\/\/www.fc-weigheim.de\/index.php?rest_route=%2Fwp%2Fv2%2Ftags&post=773"}],"curies":[{"name":"wp","href":"https:\/\/api.w.org\/{rel}","templated":true}]}}